{"id":2667,"date":"2024-06-20T12:56:04","date_gmt":"2024-06-20T12:56:04","guid":{"rendered":"https:\/\/avhandeyetik.com\/?p=2667"},"modified":"2024-06-20T12:56:06","modified_gmt":"2024-06-20T12:56:06","slug":"is-yerinde-ayni-isi-yapan-iscilerin-ayni-ucret-aldigi-kabul-edilmelidir","status":"publish","type":"post","link":"https:\/\/avhandeyetik.com\/?p=2667","title":{"rendered":"\u0130\u015f yerinde, ayn\u0131 i\u015fi yapan i\u015f\u00e7ilerin ayn\u0131 \u00fccret ald\u0131\u011f\u0131 kabul edilmelidir."},"content":{"rendered":"\n<p>\u0130\u015f yerinde, ayn\u0131 i\u015fi yapan i\u015f\u00e7ilerin ayn\u0131 \u00fccret ald\u0131\u011f\u0131 kabul edilmesi gerekti\u011fi y\u00f6n\u00fcnde h\u00fck\u00fcm tesis edilmi\u015ftir.<br><\/p>\n\n\n\n<p>Yarg\u0131tay 9. Hukuk Dairesi\u2019nin 2019\/4507 E. Ve 2019\/12317 K. Say\u0131l\u0131 Karar\u0131:<\/p>\n\n\n\n<p>&#8220;\u0130\u00e7tihat Metni&#8221;<\/p>\n\n\n\n<p>MAHKEMES\u0130 :\u0130\u015e MAHKEMES\u0130<br>Taraflar aras\u0131nda g\u00f6r\u00fclen dava sonucunda verilen karar\u0131n, temyizen incelenmesi taraflar vekillerince istenilmekle, temyiz taleplerinin s\u00fcresinde oldu\u011fu anla\u015f\u0131ld\u0131. Dava dosyas\u0131 i\u00e7in Tetkik Hakimi taraf\u0131ndan d\u00fczenlenen rapor dinlendikten sonra dosya incelendi, gere\u011fi konu\u015fulup d\u00fc\u015f\u00fcn\u00fcld\u00fc:<br>YARGITAY KARARI<br>A) Davac\u0131 \u0130steminin \u00d6zeti:<br>Davac\u0131 vekili, davac\u0131n\u0131n daval\u0131lar nezdinde \u00e7al\u0131\u015ft\u0131\u011f\u0131n\u0131,SGK primlerinin ald\u0131\u011f\u0131 ger\u00e7ek maa\u015f \u00fczerinden yat\u0131r\u0131lmamas\u0131 nedeniyle yap\u0131lan haks\u0131zl\u0131\u011f\u0131n d\u00fczeltilmesini ve fazla mesai ve di\u011fer \u00fccret alacaklar\u0131n\u0131n \u00f6denmesini istemesi \u00fczerine i\u015f akdinin i\u015fverence haks\u0131z feshedildi\u011fini ileri s\u00fcrerek k\u0131dem ve ihbar tazminatlar\u0131 ile ulusal bayram ve genel tatil, fazla mesai,y\u0131ll\u0131k izin, asgari ge\u00e7im indirimi ve hafta tatili \u00fccret alacaklar\u0131 istemi\u015ftir.<br>B) Daval\u0131 Cevab\u0131n\u0131n \u00d6zeti:<br>Daval\u0131 &#8230; San. Tic. Ltd. \u015eti. vekili, davac\u0131n\u0131n i\u015f akdinin devams\u0131zl\u0131k sebebiyle hakl\u0131 nedenle feshedildi\u011fini savunarak davan\u0131n reddini istemi\u015ftir.<br>Daval\u0131 &#8230; vekili, davac\u0131n\u0131n i\u015fyerinin kapan\u0131\u015f vermesi sebebiyle i\u015ften ayr\u0131ld\u0131\u011f\u0131n\u0131 ve sonradan di\u011fer firma nezdinde \u00e7al\u0131\u015fmaya ba\u015flad\u0131\u011f\u0131n\u0131 savunarak davan\u0131n reddini istemi\u015ftir.<br>Daval\u0131 &#8230; Yap\u0131 Elemanlar\u0131 San. ve Tic. Ltd. \u015eti. vekili, davan\u0131n husumetten, zamana\u015f\u0131m\u0131ndan reddi gerekti\u011fini aksi halde i\u015f akdinin davac\u0131 tarafca haks\u0131z feshedildi\u011fini savunarak, davan\u0131n reddini istemi\u015ftir.<br>C) Yerel Mahkeme Karar\u0131n\u0131n \u00d6zeti:<br>Mahkemece, toplanan kan\u0131tlar ve bilirki\u015fi raporuna dayan\u0131larak, davac\u0131n\u0131n i\u015f akdinin daval\u0131 i\u015fverence hakl\u0131 neden olmaks\u0131z\u0131n sonland\u0131r\u0131ld\u0131\u011f\u0131, davac\u0131n\u0131n fazla mesai yapt\u0131\u011f\u0131, y\u0131ll\u0131k izin \u00fccret alaca\u011f\u0131n\u0131n, asgari ge\u00e7im indirimi alaca\u011f\u0131n\u0131n oldu\u011fu ancak ulusal bayram ve genel tatil ile hafta tatili \u00e7al\u0131\u015fmalar\u0131n\u0131n oldu\u011funun ispat edilemedi\u011fi gerek\u00e7esiyle davan\u0131n k\u0131smen kabul\u00fcne karar verilmi\u015ftir.<br>D) Temyiz:<br>Karar\u0131 taraflar vekilleri temyiz etmi\u015ftir.<br>E) Gerek\u00e7e:<br>1- Dosyadaki yaz\u0131lara, toplanan delillerle karar\u0131n dayand\u0131\u011f\u0131 kanuni gerektirici sebeplere g\u00f6re, taraflar\u0131n a\u015fa\u011f\u0131daki bentlerin kapsam\u0131 d\u0131\u015f\u0131nda kalan temyiz itirazlar\u0131 yerinde de\u011fildir.<br>2- Davac\u0131n\u0131n hesaba esas al\u0131nan hizmet s\u00fcresi konusunda taraflar aras\u0131nda uyu\u015fmazl\u0131k bulunmaktad\u0131r.<br>Davac\u0131, 20.05.2006-02.06.2014 tarihleri aras\u0131nda as\u0131l i\u015fveren &#8230; Yap\u0131 Elemanlar\u0131 San. ve Tic. Ltd. \u015eti. ve daval\u0131 di\u011fer ta\u015feron \u015firketler nezdinde \u00e7al\u0131\u015ft\u0131\u011f\u0131n\u0131 belirterek alacak talebinde bulunmu\u015f, mahkemece davac\u0131n\u0131n 18.04.2009-02.06.2014 tarihleri aras\u0131nda aral\u0131kl\u0131 \u00e7al\u0131\u015ft\u0131\u011f\u0131 ve iddia etti\u011fi gibi 2006 y\u0131l\u0131nda \u00e7al\u0131\u015fmas\u0131n\u0131n ge\u00e7ti\u011fi &#8230; \u0130n\u015faat ile &#8230; Yap\u0131 Elemanlar\u0131 San. ve Tic. Ltd. \u015eti. aras\u0131nda bir ba\u011f kurulamad\u0131\u011f\u0131 gerek\u00e7esiyle &#8230; \u0130n\u015faat nezdindeki \u00e7al\u0131\u015fmas\u0131 d\u0131\u015flanarak hizmet s\u00fcresi belirlenmi\u015ftir.<br>Her ne kadar davac\u0131n\u0131n 08.03.2007-01.10.2008 tarihleri aras\u0131ndaki &#8230; \u0130n\u015faat firmas\u0131 nezdinde ge\u00e7en \u00e7al\u0131\u015fma s\u00fcresi daval\u0131lar ile aras\u0131nda ba\u011f kurulamad\u0131\u011f\u0131 gerek\u00e7esiyle d\u0131\u015flanm\u0131\u015fsa da yap\u0131lan de\u011ferlendirme hatal\u0131d\u0131r.<br>Dairemizden emsal ge\u00e7en &#8230; \u0130\u015f Mahkemesinin 2014\/316 E. ve 2015\/593 K. say\u0131l\u0131 davac\u0131s\u0131 &#8230; olan dosyada yap\u0131lan de\u011ferlendirme ve tan\u0131k beyanlar\u0131 birarada de\u011ferlendirldi\u011finde; emsal dosya davac\u0131s\u0131n\u0131n bu dosyada tan\u0131k olarak beyan\u0131nda davac\u0131 ile birlikte \u00e7al\u0131\u015ft\u0131klar\u0131n\u0131 beyan etmesi ve hizmet d\u00f6k\u00fcm cetveline g\u00f6re emsal dosya davac\u0131s\u0131n\u0131n 13.09.2007 \u2013 01.10.2008 tarihleri aras\u0131nda &#8230; prefabrik nezdinde \u00e7al\u0131\u015ft\u0131\u011f\u0131n\u0131n anla\u015f\u0131lmas\u0131 kar\u015f\u0131s\u0131nda i\u015fbu dosyam\u0131z davac\u0131s\u0131n\u0131n &#8230; Yap\u0131 nezdinde \u00e7al\u0131\u015ft\u0131\u011f\u0131 iddia edilen 08.03.2007-01.10.2008 tarihleri aras\u0131nda di\u011fer dosya davac\u0131s\u0131 ile birlikte ayn\u0131 i\u015fyerinde \u00e7al\u0131\u015ft\u0131\u011f\u0131 sabittir. Bu durumda daval\u0131 &#8230; Prefabrik ile &#8230; Yap\u0131 aras\u0131nda ba\u011f kurulamad\u0131\u011f\u0131 gerek\u00e7esiyle &#8230; Yap\u0131 nezdindeki \u00e7al\u0131\u015fman\u0131n d\u0131\u015flanmas\u0131 hatal\u0131d\u0131r.<br>Dinlenen tan\u0131k beyanlar\u0131na g\u00f6re i\u015fbu dosya davac\u0131s\u0131 ile emsal dosya davac\u0131s\u0131n\u0131n birlikte \u00e7al\u0131\u015ft\u0131\u011f\u0131 olgusu bir arada de\u011ferlendirildi\u011finde davac\u0131n\u0131n &#8230; Yap\u0131 nezdinde ge\u00e7en 08.03.2007-01.10.2008 tarihleri aras\u0131ndaki \u00e7al\u0131\u015fma s\u00fcresi de hizmet s\u00fcresine eklenerek h\u00fck\u00fcm alt\u0131na al\u0131nan alacaklar yeniden hesaplanmal\u0131d\u0131r.<br>3-Taraflar aras\u0131nda i\u015f\u00e7iye \u00f6denen ayl\u0131k \u00fccretin miktar\u0131 konusunda uyu\u015fmazl\u0131k bulunmaktad\u0131r.<br>Somut uyu\u015fmazl\u0131kta, davac\u0131 demirci olarak \u00e7al\u0131\u015ft\u0131\u011f\u0131n\u0131 ve ayl\u0131k net 2.100,00 TL. ald\u0131\u011f\u0131n\u0131 ileri s\u00fcrm\u00fc\u015f, daval\u0131 vekilleri ise davac\u0131n\u0131n SGK\u2019ya bildirilen \u00fccretinin do\u011fru oldu\u011funu savunmu\u015ftur. Davac\u0131n\u0131n dinlenen tan\u0131klar\u0131 i\u015fyeri \u00e7al\u0131\u015fanlar\u0131 olmakla davac\u0131n\u0131n iddias\u0131n\u0131 do\u011frulam\u0131\u015ft\u0131r.<br>Dairemizden emsal ge\u00e7en &#8230; \u0130\u015f Mahkemesi&#8217;nin 2014\/316 E. ve 2015\/593 K. say\u0131l\u0131 davac\u0131s\u0131 &#8230; olan dosyada da davac\u0131n\u0131n bu dosyam\u0131z davac\u0131s\u0131 ile ayn\u0131 i\u015fi yapt\u0131\u011f\u0131, ayn\u0131 d\u00f6nemlerde birlikte \u00e7al\u0131\u015ft\u0131klar\u0131 g\u00f6r\u00fclmekle &#8230; \u2019\u0131n \u00fccreti net 2.100,00 TL. kabul edilmi\u015f ve h\u00fckme esas al\u0131nan \u00fccret onanm\u0131\u015ft\u0131r.<br>Bu dosyam\u0131zda h\u00fckme esas al\u0131nan bilirki\u015fi raporunda &#8230; dosyas\u0131nda yer alan \u00fccret belgesinin &#8230; ad\u0131na d\u00fczenlendi\u011fi bu dosyada h\u00fckme esas al\u0131nmayaca\u011f\u0131 belirtilmi\u015fse de yap\u0131lan de\u011ferlendirme hatal\u0131d\u0131r.<br>Dosya i\u00e7eri\u011fine g\u00f6re dinlenen tan\u0131k beyanlar\u0131, davac\u0131n\u0131n k\u0131demi,emsal dosya davac\u0131s\u0131 &#8230; ile ayn\u0131 i\u015fi yapt\u0131\u011f\u0131 ve ayn\u0131 d\u00f6nemlerde \u00e7al\u0131\u015ft\u0131\u011f\u0131 da g\u00f6zetildi\u011finde, fiili \u00e7al\u0131\u015fmay\u0131 bilen davac\u0131 tan\u0131klar\u0131n\u0131n beyanlar\u0131ndan ayr\u0131lmay\u0131 gerektirir bir hal olmad\u0131\u011f\u0131 dikkate al\u0131narak davac\u0131n\u0131n ayl\u0131k net 2.100,00 TL. \u00fccretle \u00e7al\u0131\u015ft\u0131\u011f\u0131n\u0131n kabul\u00fc ile davaya konu tazminat ve alacaklar\u0131n hesaplanmas\u0131n\u0131n bu \u00fccret \u00fczerinden yap\u0131lmas\u0131 gerekirken yanl\u0131\u015f de\u011ferlendirme ile net 857,89 TL. \u00fccret ald\u0131\u011f\u0131 kabul edilerek alacaklar\u0131n hesaplan\u0131p h\u00fck\u00fcm alt\u0131na al\u0131nmas\u0131 hatal\u0131d\u0131r.<br>4- Davada kabul ve red edilen miktarlara ve karar tarihinde y\u00fcr\u00fcrl\u00fckte olan Avukatl\u0131k Asgari \u00dccret Tarifesi h\u00fck\u00fcmlerine g\u00f6re daval\u0131 &#8230; lehine bu daval\u0131 y\u00f6n\u00fcnden reddedilen k\u0131s\u0131m \u00fczerinden hesaplanan vekalet \u00fccretine h\u00fckmedilmesi gerekirken, daval\u0131 lehine vekalet \u00fccreti belirlenmemesi hatal\u0131 olup bozmay\u0131 gerektirmi\u015ftir.<br>F) SONU\u00c7:<br>Temyiz olunan karar\u0131n, yukar\u0131da yaz\u0131l\u0131 sebeplerden dolay\u0131 BOZULMASINA, pe\u015fin al\u0131nan temyiz harc\u0131n\u0131n istek halinde ilgiliye iadesine, 28\/05\/2019 g\u00fcn\u00fcnde oybirli\u011fiyle karar verildi.<\/p>\n","protected":false},"excerpt":{"rendered":"<p>\u0130\u015f yerinde, ayn\u0131 i\u015fi yapan i\u015f\u00e7ilerin ayn\u0131 \u00fccret ald\u0131\u011f\u0131 kabul edilmesi gerekti\u011fi y\u00f6n\u00fcnde h\u00fck\u00fcm tesis edilmi\u015ftir. Yarg\u0131tay 9. Hukuk Dairesi\u2019nin 2019\/4507 E. Ve 2019\/12317 K. Say\u0131l\u0131 Karar\u0131: &#8220;\u0130\u00e7tihat Metni&#8221; MAHKEMES\u0130 :\u0130\u015e MAHKEMES\u0130Taraflar aras\u0131nda g\u00f6r\u00fclen dava sonucunda verilen karar\u0131n, temyizen incelenmesi taraflar vekillerince istenilmekle, temyiz taleplerinin s\u00fcresinde oldu\u011fu<\/p>\n","protected":false},"author":1,"featured_media":0,"comment_status":"open","ping_status":"open","sticky":false,"template":"","format":"standard","meta":{"_joinchat":[],"footnotes":""},"categories":[1],"tags":[],"class_list":["post-2667","post","type-post","status-publish","format-standard","hentry","category-av-hande-yetik"],"yoast_head":"<!-- This site is optimized with the Yoast SEO plugin v25.9 - https:\/\/yoast.com\/wordpress\/plugins\/seo\/ -->\n<title>\u0130\u015f yerinde, ayn\u0131 i\u015fi yapan i\u015f\u00e7ilerin ayn\u0131 \u00fccret ald\u0131\u011f\u0131 kabul edilmelidir. - Yetik Hukuk ve Dan\u0131\u015fmanl\u0131k B\u00fcrosu | Adana Avukat<\/title>\n<meta name=\"description\" content=\"\u0130\u015f yerinde, ayn\u0131 i\u015fi yapan i\u015f\u00e7ilerin ayn\u0131 \u00fccret ald\u0131\u011f\u0131 kabul edilmesi gerekti\u011fi y\u00f6n\u00fcnde h\u00fck\u00fcm tesis edilmi\u015ftir.Yarg\u0131tay 9. Hukuk Dairesi\u2019nin 2019\/4507 E.\" \/>\n<meta name=\"robots\" content=\"index, follow, max-snippet:-1, max-image-preview:large, max-video-preview:-1\" \/>\n<link rel=\"canonical\" href=\"https:\/\/avhandeyetik.com\/?p=2667\" \/>\n<meta property=\"og:locale\" content=\"tr_TR\" \/>\n<meta property=\"og:type\" content=\"article\" \/>\n<meta property=\"og:title\" content=\"\u0130\u015f yerinde, ayn\u0131 i\u015fi yapan i\u015f\u00e7ilerin ayn\u0131 \u00fccret ald\u0131\u011f\u0131 kabul edilmelidir. - Yetik Hukuk ve Dan\u0131\u015fmanl\u0131k B\u00fcrosu | Adana Avukat\" \/>\n<meta property=\"og:description\" content=\"\u0130\u015f yerinde, ayn\u0131 i\u015fi yapan i\u015f\u00e7ilerin ayn\u0131 \u00fccret ald\u0131\u011f\u0131 kabul edilmesi gerekti\u011fi y\u00f6n\u00fcnde h\u00fck\u00fcm tesis edilmi\u015ftir.Yarg\u0131tay 9. Hukuk Dairesi\u2019nin 2019\/4507 E.\" \/>\n<meta property=\"og:url\" content=\"https:\/\/avhandeyetik.com\/?p=2667\" \/>\n<meta property=\"og:site_name\" content=\"Yetik Hukuk ve Dan\u0131\u015fmanl\u0131k B\u00fcrosu | Adana Avukat\" \/>\n<meta property=\"article:published_time\" content=\"2024-06-20T12:56:04+00:00\" \/>\n<meta property=\"article:modified_time\" content=\"2024-06-20T12:56:06+00:00\" \/>\n<meta name=\"author\" content=\"avhandeyetik\" \/>\n<meta name=\"twitter:card\" content=\"summary_large_image\" \/>\n<meta name=\"twitter:label1\" content=\"Yazan:\" \/>\n\t<meta name=\"twitter:data1\" content=\"avhandeyetik\" \/>\n\t<meta name=\"twitter:label2\" content=\"Tahmini okuma s\u00fcresi\" \/>\n\t<meta name=\"twitter:data2\" content=\"5 dakika\" \/>\n<script type=\"application\/ld+json\" class=\"yoast-schema-graph\">{\"@context\":\"https:\/\/schema.org\",\"@graph\":[{\"@type\":\"WebPage\",\"@id\":\"https:\/\/avhandeyetik.com\/?p=2667\",\"url\":\"https:\/\/avhandeyetik.com\/?p=2667\",\"name\":\"\u0130\u015f yerinde, ayn\u0131 i\u015fi yapan i\u015f\u00e7ilerin ayn\u0131 \u00fccret ald\u0131\u011f\u0131 kabul edilmelidir. - Yetik Hukuk ve Dan\u0131\u015fmanl\u0131k B\u00fcrosu | Adana Avukat\",\"isPartOf\":{\"@id\":\"https:\/\/avhandeyetik.com\/#website\"},\"datePublished\":\"2024-06-20T12:56:04+00:00\",\"dateModified\":\"2024-06-20T12:56:06+00:00\",\"author\":{\"@id\":\"https:\/\/avhandeyetik.com\/#\/schema\/person\/9e3c57c152a17cd9f288a2ea6dad6265\"},\"description\":\"\u0130\u015f yerinde, ayn\u0131 i\u015fi yapan i\u015f\u00e7ilerin ayn\u0131 \u00fccret ald\u0131\u011f\u0131 kabul edilmesi gerekti\u011fi y\u00f6n\u00fcnde h\u00fck\u00fcm tesis edilmi\u015ftir.Yarg\u0131tay 9. Hukuk Dairesi\u2019nin 2019\/4507 E.\",\"breadcrumb\":{\"@id\":\"https:\/\/avhandeyetik.com\/?p=2667#breadcrumb\"},\"inLanguage\":\"tr\",\"potentialAction\":[{\"@type\":\"ReadAction\",\"target\":[\"https:\/\/avhandeyetik.com\/?p=2667\"]}]},{\"@type\":\"BreadcrumbList\",\"@id\":\"https:\/\/avhandeyetik.com\/?p=2667#breadcrumb\",\"itemListElement\":[{\"@type\":\"ListItem\",\"position\":1,\"name\":\"Anasayfa\",\"item\":\"https:\/\/avhandeyetik.com\/\"},{\"@type\":\"ListItem\",\"position\":2,\"name\":\"\u0130\u015f yerinde, ayn\u0131 i\u015fi yapan i\u015f\u00e7ilerin ayn\u0131 \u00fccret ald\u0131\u011f\u0131 kabul edilmelidir.\"}]},{\"@type\":\"WebSite\",\"@id\":\"https:\/\/avhandeyetik.com\/#website\",\"url\":\"https:\/\/avhandeyetik.com\/\",\"name\":\"Yetik Hukuk ve Dan\u0131\u015fmanl\u0131k B\u00fcrosu | Adana Avukat\",\"description\":\"ADANA \u0130DARE HUKUKU, ADANA S\u0130GORTA HUKUKU, ADANA \u0130CRA VE \u0130FLAS HUKUKU, ADANA CEZA HUKUKU, ADANA \u0130\u015e VE SOSYAL G\u00dcVENL\u0130K HUKUKU, ADANA A\u0130LE , VELAYET VE BO\u015eANMA HUKUKU, ADANA M\u0130RAS HUKUKU, ADANA T\u00dcKET\u0130C\u0130 HUKUKU, ADANA VERG\u0130 HUKUKU, ADANA S\u00d6ZLE\u015eMELER VE BOR\u00c7LAR HUKUKU, ADANA TRAF\u0130K KAZALARINDA MADD\u0130 MANEV\u0130 TAZM\u0130NAT, ADANA ARSA PAYI KAR\u015eILI\u011eI \u0130N\u015eAAT S\u00d6ZLE\u015eMELER\u0130 VE DAVALARI, ADANA SA\u011eLIK HUKUKU, ADANA KVKK HUKUKU, ADANA GAYR\u0130MENKUL HUKUKU, ADANA T\u0130CARET HUKUKU,HUKUKU,\",\"potentialAction\":[{\"@type\":\"SearchAction\",\"target\":{\"@type\":\"EntryPoint\",\"urlTemplate\":\"https:\/\/avhandeyetik.com\/?s={search_term_string}\"},\"query-input\":{\"@type\":\"PropertyValueSpecification\",\"valueRequired\":true,\"valueName\":\"search_term_string\"}}],\"inLanguage\":\"tr\"},{\"@type\":\"Person\",\"@id\":\"https:\/\/avhandeyetik.com\/#\/schema\/person\/9e3c57c152a17cd9f288a2ea6dad6265\",\"name\":\"avhandeyetik\",\"image\":{\"@type\":\"ImageObject\",\"inLanguage\":\"tr\",\"@id\":\"https:\/\/avhandeyetik.com\/#\/schema\/person\/image\/\",\"url\":\"https:\/\/secure.gravatar.com\/avatar\/c0e657c532a5802c3269d77f731c5437ad04e4a76d884305de0d63eade5aca06?s=96&d=mm&r=g\",\"contentUrl\":\"https:\/\/secure.gravatar.com\/avatar\/c0e657c532a5802c3269d77f731c5437ad04e4a76d884305de0d63eade5aca06?s=96&d=mm&r=g\",\"caption\":\"avhandeyetik\"},\"sameAs\":[\"https:\/\/avhandeyetik.com\"],\"url\":\"https:\/\/avhandeyetik.com\/?author=1\"}]}<\/script>\n<!-- \/ Yoast SEO plugin. -->","yoast_head_json":{"title":"\u0130\u015f yerinde, ayn\u0131 i\u015fi yapan i\u015f\u00e7ilerin ayn\u0131 \u00fccret ald\u0131\u011f\u0131 kabul edilmelidir. - Yetik Hukuk ve Dan\u0131\u015fmanl\u0131k B\u00fcrosu | Adana Avukat","description":"\u0130\u015f yerinde, ayn\u0131 i\u015fi yapan i\u015f\u00e7ilerin ayn\u0131 \u00fccret ald\u0131\u011f\u0131 kabul edilmesi gerekti\u011fi y\u00f6n\u00fcnde h\u00fck\u00fcm tesis edilmi\u015ftir.Yarg\u0131tay 9. Hukuk Dairesi\u2019nin 2019\/4507 E.","robots":{"index":"index","follow":"follow","max-snippet":"max-snippet:-1","max-image-preview":"max-image-preview:large","max-video-preview":"max-video-preview:-1"},"canonical":"https:\/\/avhandeyetik.com\/?p=2667","og_locale":"tr_TR","og_type":"article","og_title":"\u0130\u015f yerinde, ayn\u0131 i\u015fi yapan i\u015f\u00e7ilerin ayn\u0131 \u00fccret ald\u0131\u011f\u0131 kabul edilmelidir. - Yetik Hukuk ve Dan\u0131\u015fmanl\u0131k B\u00fcrosu | Adana Avukat","og_description":"\u0130\u015f yerinde, ayn\u0131 i\u015fi yapan i\u015f\u00e7ilerin ayn\u0131 \u00fccret ald\u0131\u011f\u0131 kabul edilmesi gerekti\u011fi y\u00f6n\u00fcnde h\u00fck\u00fcm tesis edilmi\u015ftir.Yarg\u0131tay 9. Hukuk Dairesi\u2019nin 2019\/4507 E.","og_url":"https:\/\/avhandeyetik.com\/?p=2667","og_site_name":"Yetik Hukuk ve Dan\u0131\u015fmanl\u0131k B\u00fcrosu | Adana Avukat","article_published_time":"2024-06-20T12:56:04+00:00","article_modified_time":"2024-06-20T12:56:06+00:00","author":"avhandeyetik","twitter_card":"summary_large_image","twitter_misc":{"Yazan:":"avhandeyetik","Tahmini okuma s\u00fcresi":"5 dakika"},"schema":{"@context":"https:\/\/schema.org","@graph":[{"@type":"WebPage","@id":"https:\/\/avhandeyetik.com\/?p=2667","url":"https:\/\/avhandeyetik.com\/?p=2667","name":"\u0130\u015f yerinde, ayn\u0131 i\u015fi yapan i\u015f\u00e7ilerin ayn\u0131 \u00fccret ald\u0131\u011f\u0131 kabul edilmelidir. - Yetik Hukuk ve Dan\u0131\u015fmanl\u0131k B\u00fcrosu | Adana Avukat","isPartOf":{"@id":"https:\/\/avhandeyetik.com\/#website"},"datePublished":"2024-06-20T12:56:04+00:00","dateModified":"2024-06-20T12:56:06+00:00","author":{"@id":"https:\/\/avhandeyetik.com\/#\/schema\/person\/9e3c57c152a17cd9f288a2ea6dad6265"},"description":"\u0130\u015f yerinde, ayn\u0131 i\u015fi yapan i\u015f\u00e7ilerin ayn\u0131 \u00fccret ald\u0131\u011f\u0131 kabul edilmesi gerekti\u011fi y\u00f6n\u00fcnde h\u00fck\u00fcm tesis edilmi\u015ftir.Yarg\u0131tay 9. Hukuk Dairesi\u2019nin 2019\/4507 E.","breadcrumb":{"@id":"https:\/\/avhandeyetik.com\/?p=2667#breadcrumb"},"inLanguage":"tr","potentialAction":[{"@type":"ReadAction","target":["https:\/\/avhandeyetik.com\/?p=2667"]}]},{"@type":"BreadcrumbList","@id":"https:\/\/avhandeyetik.com\/?p=2667#breadcrumb","itemListElement":[{"@type":"ListItem","position":1,"name":"Anasayfa","item":"https:\/\/avhandeyetik.com\/"},{"@type":"ListItem","position":2,"name":"\u0130\u015f yerinde, ayn\u0131 i\u015fi yapan i\u015f\u00e7ilerin ayn\u0131 \u00fccret ald\u0131\u011f\u0131 kabul edilmelidir."}]},{"@type":"WebSite","@id":"https:\/\/avhandeyetik.com\/#website","url":"https:\/\/avhandeyetik.com\/","name":"Yetik Hukuk ve Dan\u0131\u015fmanl\u0131k B\u00fcrosu | Adana Avukat","description":"ADANA \u0130DARE HUKUKU, ADANA S\u0130GORTA HUKUKU, ADANA \u0130CRA VE \u0130FLAS HUKUKU, ADANA CEZA HUKUKU, ADANA \u0130\u015e VE SOSYAL G\u00dcVENL\u0130K HUKUKU, ADANA A\u0130LE , VELAYET VE BO\u015eANMA HUKUKU, ADANA M\u0130RAS HUKUKU, ADANA T\u00dcKET\u0130C\u0130 HUKUKU, ADANA VERG\u0130 HUKUKU, ADANA S\u00d6ZLE\u015eMELER VE BOR\u00c7LAR HUKUKU, ADANA TRAF\u0130K KAZALARINDA MADD\u0130 MANEV\u0130 TAZM\u0130NAT, ADANA ARSA PAYI KAR\u015eILI\u011eI \u0130N\u015eAAT S\u00d6ZLE\u015eMELER\u0130 VE DAVALARI, ADANA SA\u011eLIK HUKUKU, ADANA KVKK HUKUKU, ADANA GAYR\u0130MENKUL HUKUKU, ADANA T\u0130CARET HUKUKU,HUKUKU,","potentialAction":[{"@type":"SearchAction","target":{"@type":"EntryPoint","urlTemplate":"https:\/\/avhandeyetik.com\/?s={search_term_string}"},"query-input":{"@type":"PropertyValueSpecification","valueRequired":true,"valueName":"search_term_string"}}],"inLanguage":"tr"},{"@type":"Person","@id":"https:\/\/avhandeyetik.com\/#\/schema\/person\/9e3c57c152a17cd9f288a2ea6dad6265","name":"avhandeyetik","image":{"@type":"ImageObject","inLanguage":"tr","@id":"https:\/\/avhandeyetik.com\/#\/schema\/person\/image\/","url":"https:\/\/secure.gravatar.com\/avatar\/c0e657c532a5802c3269d77f731c5437ad04e4a76d884305de0d63eade5aca06?s=96&d=mm&r=g","contentUrl":"https:\/\/secure.gravatar.com\/avatar\/c0e657c532a5802c3269d77f731c5437ad04e4a76d884305de0d63eade5aca06?s=96&d=mm&r=g","caption":"avhandeyetik"},"sameAs":["https:\/\/avhandeyetik.com"],"url":"https:\/\/avhandeyetik.com\/?author=1"}]}},"_links":{"self":[{"href":"https:\/\/avhandeyetik.com\/index.php?rest_route=\/wp\/v2\/posts\/2667","targetHints":{"allow":["GET"]}}],"collection":[{"href":"https:\/\/avhandeyetik.com\/index.php?rest_route=\/wp\/v2\/posts"}],"about":[{"href":"https:\/\/avhandeyetik.com\/index.php?rest_route=\/wp\/v2\/types\/post"}],"author":[{"embeddable":true,"href":"https:\/\/avhandeyetik.com\/index.php?rest_route=\/wp\/v2\/users\/1"}],"replies":[{"embeddable":true,"href":"https:\/\/avhandeyetik.com\/index.php?rest_route=%2Fwp%2Fv2%2Fcomments&post=2667"}],"version-history":[{"count":1,"href":"https:\/\/avhandeyetik.com\/index.php?rest_route=\/wp\/v2\/posts\/2667\/revisions"}],"predecessor-version":[{"id":2668,"href":"https:\/\/avhandeyetik.com\/index.php?rest_route=\/wp\/v2\/posts\/2667\/revisions\/2668"}],"wp:attachment":[{"href":"https:\/\/avhandeyetik.com\/index.php?rest_route=%2Fwp%2Fv2%2Fmedia&parent=2667"}],"wp:term":[{"taxonomy":"category","embeddable":true,"href":"https:\/\/avhandeyetik.com\/index.php?rest_route=%2Fwp%2Fv2%2Fcategories&post=2667"},{"taxonomy":"post_tag","embeddable":true,"href":"https:\/\/avhandeyetik.com\/index.php?rest_route=%2Fwp%2Fv2%2Ftags&post=2667"}],"curies":[{"name":"wp","href":"https:\/\/api.w.org\/{rel}","templated":true}]}}