{"id":2673,"date":"2024-06-21T04:48:59","date_gmt":"2024-06-21T04:48:59","guid":{"rendered":"https:\/\/avhandeyetik.com\/?p=2673"},"modified":"2024-06-21T04:49:00","modified_gmt":"2024-06-21T04:49:00","slug":"adini-benimsemeyen-kisiligi-ile-ozdeslesmeyen-kimsenin-adini-degistirmek-istemesi-en-dogal-hakkidir","status":"publish","type":"post","link":"https:\/\/avhandeyetik.com\/?p=2673","title":{"rendered":"Ad\u0131n\u0131 benimsemeyen ki\u015fili\u011fi ile \u00f6zde\u015fle\u015fmeyen kimsenin, ad\u0131n\u0131 de\u011fi\u015ftirmek istemesi en do\u011fal hakk\u0131d\u0131r."},"content":{"rendered":"\n<p><br>\u2696\ufe0f Yarg\u0131tay 8. Hukuk Dairesinin 2017\/6122 E. Ve 2017\/14423 K. Say\u0131l\u0131 Karar\u0131:<\/p>\n\n\n\n<p>&#8220;\u0130\u00e7tihat Metni&#8221;<\/p>\n\n\n\n<p>MAHKEMES\u0130 :Asliye Hukuk Mahkemesi<br>DAVA T\u00dcR\u00dc : N\u00fcfusta Soyad\u0131 De\u011fi\u015ftirilmesi \u0130stemli<br>Taraflar aras\u0131nda g\u00f6r\u00fclen ve yukar\u0131da a\u00e7\u0131klanan davada yap\u0131lan yarg\u0131lama sonunda Mahkemece, davan\u0131n reddine karar verilmi\u015f olup h\u00fckm\u00fcn davac\u0131 vekili taraf\u0131ndan temyiz edilmesi \u00fczerine, Dairece dosya incelendi, gere\u011fi d\u00fc\u015f\u00fcn\u00fcld\u00fc.<br>KARAR<br>Dava dilek\u00e7esinde, davac\u0131n\u0131n &#8220;&#8230;.&#8221; olan soyad\u0131n\u0131n &#8230;.&#8221; olarak de\u011fi\u015ftirilmesi istenmi\u015f, mahkemece dava dilek\u00e7esinde ileri s\u00fcr\u00fclen sebeplerin soyad\u0131n\u0131n de\u011fi\u015ftirilmesi i\u00e7in hakl\u0131 sebep say\u0131lamayaca\u011f\u0131 gerek\u00e7esi ile davan\u0131n reddine dair verilen karar davac\u0131 vekili taraf\u0131ndan temyiz edilmi\u015ftir.<br>Dava, 4721 say\u0131l\u0131 T\u00fcrk Medeni Kanununun 27. maddesine g\u00f6re, hakl\u0131 sebebe dayal\u0131 ad\u0131n ve soyad\u0131n de\u011fi\u015ftirilmesi istemine ili\u015fkindir.<br>4721 say\u0131l\u0131 TMKn\u0131n 27. maddesinde; ad\u0131n de\u011fi\u015ftirilmesinin, ancak hakl\u0131 sebeplere dayan\u0131larak hakimden istenebilece\u011fi, de\u011fi\u015fikli\u011fin n\u00fcfus siciline kay\u0131t ve ilan olunaca\u011f\u0131, ad\u0131n de\u011fi\u015fmekle ki\u015fisel durumda de\u011fi\u015fme olmayaca\u011f\u0131, bu de\u011fi\u015fiklikten zarar g\u00f6renlerin, bunu \u00f6\u011frendi\u011fi g\u00fcnden ba\u015flayarak bir y\u0131l i\u00e7inde de\u011fi\u015ftirme karar\u0131n\u0131n kald\u0131r\u0131lmas\u0131n\u0131 dava edebilece\u011fi h\u00fckme ba\u011flanm\u0131\u015ft\u0131r. Hangi hallerin hakl\u0131 sebep te\u015fkil etti\u011fi konusu her davadaki \u00f6zel ko\u015fullara g\u00f6re mahkemece belirlenecektir. Bu belirleme yap\u0131l\u0131rken objektif ko\u015fullardan \u00e7ok de\u011fi\u015ftirme isteminde bulunan\u0131n mahkemeye sunaca\u011f\u0131 \u00f6zel nedenlerin dikkate al\u0131nmas\u0131 gerekir. Bu \u00f6zel ve ki\u015fiye \u00f6zg\u00fc nedenler; istemde bulunan\u0131n ki\u015fili\u011fi, sosyal stat\u00fcs\u00fc, aile ili\u015fkileri de g\u00f6z\u00f6n\u00fcnde bulundurularak hakim taraf\u0131ndan de\u011ferlendirilmelidir. Ad ve soyad\u0131 ki\u015fili\u011fin ayr\u0131lmaz bir unsurudur. Ki\u015fi bununla an\u0131l\u0131r ve tan\u0131n\u0131r ve tan\u0131mlan\u0131r. Ad veya soyad\u0131 niteli\u011fi gere\u011fi onu ta\u015f\u0131yan ki\u015fi taraf\u0131ndan benimsendi\u011finde anlam ta\u015f\u0131r. Ad\u0131n\u0131 benimsemeyen ki\u015fili\u011fi ile \u00f6zde\u015fle\u015fmeyen kimsenin, ad\u0131n\u0131 de\u011fi\u015ftirmek istemesi en do\u011fal hakk\u0131d\u0131r. B\u00f6yle bir durumda, ad de\u011fi\u015ftirme istemlerini i\u00e7eren davalarda davac\u0131n\u0131n tercih ve arzusunun \u00f6n planda tutulmas\u0131 ve \u00f6ncelikle dikkate al\u0131nmas\u0131 gerekir.<br>T\u00fcrk Medeni Kanununun \u00f6ng\u00f6rd\u00fc\u011f\u00fc &#8220;hakl\u0131 sebep&#8221; bu kapsam i\u00e7inde de\u011ferlendirildi\u011finde hakimin bu konudaki takdiri ileri s\u00fcr\u00fclen sebebin ve yeni al\u0131nmak istenen ad veya soyad\u0131n\u0131n toplum de\u011ferlerine ve kanunun buyurucu h\u00fck\u00fcmlerine ters d\u00fc\u015fmeyen, \u00f6zellikle ba\u015fkalar\u0131na veya \u00e7evreye zarar vermeyen, incitmeyen nitelikte bulundu\u011funun tespiti gerekir. Yarg\u0131tay uygulamalar\u0131nda, ki\u015finin toplum i\u00e7erisinde bilinip tan\u0131nd\u0131\u011f\u0131 soyad\u0131 ile an\u0131lmay\u0131 ve onu kayden de ta\u015f\u0131may\u0131 istemesinin hakl\u0131 sebep te\u015fkil edece\u011fi kabul edilmi\u015ftir.<br>Mahkemece; yukar\u0131da a\u00e7\u0131klanan ilkeler do\u011frultusunda, davac\u0131n\u0131n dilek\u00e7esinde dayand\u0131\u011f\u0131 sebepler ile taraflar\u0131n g\u00f6sterece\u011fi deliller toplan\u0131p, tan\u0131klar dinlendikten sonra davac\u0131n\u0131n isteminin hakl\u0131 sebebe dayan\u0131p dayanmad\u0131\u011f\u0131n\u0131n denetime elveri\u015fli bi\u00e7imde dosyaya yans\u0131t\u0131lmas\u0131 ile olu\u015facak sonuca g\u00f6re bir karar verilmesi yerine, uygun bulunmayan gerek\u00e7eyle davan\u0131n reddine karar verilmesi do\u011fru g\u00f6r\u00fclmemi\u015ftir.<br>SONU\u00c7: Temyiz edilen h\u00fckm\u00fcn yukar\u0131da a\u00e7\u0131klanan nedenlerle 6100 say\u0131l\u0131 HMK&#8217;n\u0131n Ge\u00e7ici 3. maddesi ve 1086 say\u0131l\u0131 HUMKnun 428. maddesi gere\u011fince BOZULMASINA, taraflarca HUMKnun 440\/I maddesi gere\u011fince Yarg\u0131tay Daire ilam\u0131n\u0131n tebli\u011finden itibaren ilama kar\u015f\u0131 15 g\u00fcn i\u00e7inde karar d\u00fczeltme iste\u011finde bulunulabilece\u011fine ve pe\u015fin harc\u0131n istek halinde temyiz edene iadesine 02.11.2017 g\u00fcn\u00fcnde oybirli\u011fiyle karar verildi.<\/p>\n\n\n\n<p><br><a href=\"https:\/\/youtube.com\/shorts\/GXibJITYybw?si=SYP-qZByEuKxPNge\">https:\/\/youtube.com\/shorts\/GXibJITYybw?si=SYP-qZByEuKxPNge<\/a><\/p>\n","protected":false},"excerpt":{"rendered":"<p>\u2696\ufe0f Yarg\u0131tay 8. Hukuk Dairesinin 2017\/6122 E. Ve 2017\/14423 K. Say\u0131l\u0131 Karar\u0131: &#8220;\u0130\u00e7tihat Metni&#8221; MAHKEMES\u0130 :Asliye Hukuk MahkemesiDAVA T\u00dcR\u00dc : N\u00fcfusta Soyad\u0131 De\u011fi\u015ftirilmesi \u0130stemliTaraflar aras\u0131nda g\u00f6r\u00fclen ve yukar\u0131da a\u00e7\u0131klanan davada yap\u0131lan yarg\u0131lama sonunda Mahkemece, davan\u0131n reddine karar verilmi\u015f olup h\u00fckm\u00fcn davac\u0131 vekili taraf\u0131ndan temyiz edilmesi \u00fczerine, Dairece<\/p>\n","protected":false},"author":1,"featured_media":0,"comment_status":"open","ping_status":"open","sticky":false,"template":"","format":"standard","meta":{"_joinchat":[],"footnotes":""},"categories":[1],"tags":[],"class_list":["post-2673","post","type-post","status-publish","format-standard","hentry","category-av-hande-yetik"],"yoast_head":"<!-- This site is optimized with the Yoast SEO plugin v25.9 - https:\/\/yoast.com\/wordpress\/plugins\/seo\/ -->\n<title>Ad\u0131n\u0131 benimsemeyen ki\u015fili\u011fi ile \u00f6zde\u015fle\u015fmeyen kimsenin, ad\u0131n\u0131 de\u011fi\u015ftirmek istemesi en do\u011fal hakk\u0131d\u0131r. - Yetik Hukuk ve Dan\u0131\u015fmanl\u0131k B\u00fcrosu | Adana Avukat<\/title>\n<meta name=\"description\" content=\"Ad\u0131n de\u011fi\u015ftirilmesinin, ancak hakl\u0131 sebeplere dayan\u0131larak hakimden istenebilece\u011fi, de\u011fi\u015fikli\u011fin n\u00fcfus siciline kay\u0131t ve ilan olunaca\u011f\u0131, ad\u0131n de\u011fi\u015fmekle ki\u015fisel durumda de\u011fi\u015fme olmayaca\u011f\u0131, bu de\u011fi\u015fiklikten zarar g\u00f6renlerin,\" \/>\n<meta name=\"robots\" content=\"index, follow, max-snippet:-1, max-image-preview:large, max-video-preview:-1\" \/>\n<link rel=\"canonical\" href=\"https:\/\/avhandeyetik.com\/?p=2673\" \/>\n<meta property=\"og:locale\" content=\"tr_TR\" \/>\n<meta property=\"og:type\" content=\"article\" \/>\n<meta property=\"og:title\" content=\"Ad\u0131n\u0131 benimsemeyen ki\u015fili\u011fi ile \u00f6zde\u015fle\u015fmeyen kimsenin, ad\u0131n\u0131 de\u011fi\u015ftirmek istemesi en do\u011fal hakk\u0131d\u0131r. - Yetik Hukuk ve Dan\u0131\u015fmanl\u0131k B\u00fcrosu | Adana Avukat\" \/>\n<meta property=\"og:description\" content=\"Ad\u0131n de\u011fi\u015ftirilmesinin, ancak hakl\u0131 sebeplere dayan\u0131larak hakimden istenebilece\u011fi, de\u011fi\u015fikli\u011fin n\u00fcfus siciline kay\u0131t ve ilan olunaca\u011f\u0131, ad\u0131n de\u011fi\u015fmekle ki\u015fisel durumda de\u011fi\u015fme olmayaca\u011f\u0131, bu de\u011fi\u015fiklikten zarar g\u00f6renlerin,\" \/>\n<meta property=\"og:url\" content=\"https:\/\/avhandeyetik.com\/?p=2673\" \/>\n<meta property=\"og:site_name\" content=\"Yetik Hukuk ve Dan\u0131\u015fmanl\u0131k B\u00fcrosu | Adana Avukat\" \/>\n<meta property=\"article:published_time\" content=\"2024-06-21T04:48:59+00:00\" \/>\n<meta property=\"article:modified_time\" content=\"2024-06-21T04:49:00+00:00\" \/>\n<meta name=\"author\" content=\"avhandeyetik\" \/>\n<meta name=\"twitter:card\" content=\"summary_large_image\" \/>\n<meta name=\"twitter:label1\" content=\"Yazan:\" \/>\n\t<meta name=\"twitter:data1\" content=\"avhandeyetik\" \/>\n\t<meta name=\"twitter:label2\" content=\"Tahmini okuma s\u00fcresi\" \/>\n\t<meta name=\"twitter:data2\" content=\"3 dakika\" \/>\n<script type=\"application\/ld+json\" class=\"yoast-schema-graph\">{\"@context\":\"https:\/\/schema.org\",\"@graph\":[{\"@type\":\"WebPage\",\"@id\":\"https:\/\/avhandeyetik.com\/?p=2673\",\"url\":\"https:\/\/avhandeyetik.com\/?p=2673\",\"name\":\"Ad\u0131n\u0131 benimsemeyen ki\u015fili\u011fi ile \u00f6zde\u015fle\u015fmeyen kimsenin, ad\u0131n\u0131 de\u011fi\u015ftirmek istemesi en do\u011fal hakk\u0131d\u0131r. - Yetik Hukuk ve Dan\u0131\u015fmanl\u0131k B\u00fcrosu | Adana Avukat\",\"isPartOf\":{\"@id\":\"https:\/\/avhandeyetik.com\/#website\"},\"datePublished\":\"2024-06-21T04:48:59+00:00\",\"dateModified\":\"2024-06-21T04:49:00+00:00\",\"author\":{\"@id\":\"https:\/\/avhandeyetik.com\/#\/schema\/person\/9e3c57c152a17cd9f288a2ea6dad6265\"},\"description\":\"Ad\u0131n de\u011fi\u015ftirilmesinin, ancak hakl\u0131 sebeplere dayan\u0131larak hakimden istenebilece\u011fi, de\u011fi\u015fikli\u011fin n\u00fcfus siciline kay\u0131t ve ilan olunaca\u011f\u0131, ad\u0131n de\u011fi\u015fmekle ki\u015fisel durumda de\u011fi\u015fme olmayaca\u011f\u0131, bu de\u011fi\u015fiklikten zarar g\u00f6renlerin,\",\"breadcrumb\":{\"@id\":\"https:\/\/avhandeyetik.com\/?p=2673#breadcrumb\"},\"inLanguage\":\"tr\",\"potentialAction\":[{\"@type\":\"ReadAction\",\"target\":[\"https:\/\/avhandeyetik.com\/?p=2673\"]}]},{\"@type\":\"BreadcrumbList\",\"@id\":\"https:\/\/avhandeyetik.com\/?p=2673#breadcrumb\",\"itemListElement\":[{\"@type\":\"ListItem\",\"position\":1,\"name\":\"Anasayfa\",\"item\":\"https:\/\/avhandeyetik.com\/\"},{\"@type\":\"ListItem\",\"position\":2,\"name\":\"Ad\u0131n\u0131 benimsemeyen ki\u015fili\u011fi ile \u00f6zde\u015fle\u015fmeyen kimsenin, ad\u0131n\u0131 de\u011fi\u015ftirmek istemesi en do\u011fal hakk\u0131d\u0131r.\"}]},{\"@type\":\"WebSite\",\"@id\":\"https:\/\/avhandeyetik.com\/#website\",\"url\":\"https:\/\/avhandeyetik.com\/\",\"name\":\"Yetik Hukuk ve Dan\u0131\u015fmanl\u0131k B\u00fcrosu | Adana Avukat\",\"description\":\"ADANA \u0130DARE HUKUKU, ADANA S\u0130GORTA HUKUKU, ADANA \u0130CRA VE \u0130FLAS HUKUKU, ADANA CEZA HUKUKU, ADANA \u0130\u015e VE SOSYAL G\u00dcVENL\u0130K HUKUKU, ADANA A\u0130LE , VELAYET VE BO\u015eANMA HUKUKU, ADANA M\u0130RAS HUKUKU, ADANA T\u00dcKET\u0130C\u0130 HUKUKU, ADANA VERG\u0130 HUKUKU, ADANA S\u00d6ZLE\u015eMELER VE BOR\u00c7LAR HUKUKU, ADANA TRAF\u0130K KAZALARINDA MADD\u0130 MANEV\u0130 TAZM\u0130NAT, ADANA ARSA PAYI KAR\u015eILI\u011eI \u0130N\u015eAAT S\u00d6ZLE\u015eMELER\u0130 VE DAVALARI, ADANA SA\u011eLIK HUKUKU, ADANA KVKK HUKUKU, ADANA GAYR\u0130MENKUL HUKUKU, ADANA T\u0130CARET HUKUKU,HUKUKU,\",\"potentialAction\":[{\"@type\":\"SearchAction\",\"target\":{\"@type\":\"EntryPoint\",\"urlTemplate\":\"https:\/\/avhandeyetik.com\/?s={search_term_string}\"},\"query-input\":{\"@type\":\"PropertyValueSpecification\",\"valueRequired\":true,\"valueName\":\"search_term_string\"}}],\"inLanguage\":\"tr\"},{\"@type\":\"Person\",\"@id\":\"https:\/\/avhandeyetik.com\/#\/schema\/person\/9e3c57c152a17cd9f288a2ea6dad6265\",\"name\":\"avhandeyetik\",\"image\":{\"@type\":\"ImageObject\",\"inLanguage\":\"tr\",\"@id\":\"https:\/\/avhandeyetik.com\/#\/schema\/person\/image\/\",\"url\":\"https:\/\/secure.gravatar.com\/avatar\/c0e657c532a5802c3269d77f731c5437ad04e4a76d884305de0d63eade5aca06?s=96&d=mm&r=g\",\"contentUrl\":\"https:\/\/secure.gravatar.com\/avatar\/c0e657c532a5802c3269d77f731c5437ad04e4a76d884305de0d63eade5aca06?s=96&d=mm&r=g\",\"caption\":\"avhandeyetik\"},\"sameAs\":[\"https:\/\/avhandeyetik.com\"],\"url\":\"https:\/\/avhandeyetik.com\/?author=1\"}]}<\/script>\n<!-- \/ Yoast SEO plugin. -->","yoast_head_json":{"title":"Ad\u0131n\u0131 benimsemeyen ki\u015fili\u011fi ile \u00f6zde\u015fle\u015fmeyen kimsenin, ad\u0131n\u0131 de\u011fi\u015ftirmek istemesi en do\u011fal hakk\u0131d\u0131r. - Yetik Hukuk ve Dan\u0131\u015fmanl\u0131k B\u00fcrosu | Adana Avukat","description":"Ad\u0131n de\u011fi\u015ftirilmesinin, ancak hakl\u0131 sebeplere dayan\u0131larak hakimden istenebilece\u011fi, de\u011fi\u015fikli\u011fin n\u00fcfus siciline kay\u0131t ve ilan olunaca\u011f\u0131, ad\u0131n de\u011fi\u015fmekle ki\u015fisel durumda de\u011fi\u015fme olmayaca\u011f\u0131, bu de\u011fi\u015fiklikten zarar g\u00f6renlerin,","robots":{"index":"index","follow":"follow","max-snippet":"max-snippet:-1","max-image-preview":"max-image-preview:large","max-video-preview":"max-video-preview:-1"},"canonical":"https:\/\/avhandeyetik.com\/?p=2673","og_locale":"tr_TR","og_type":"article","og_title":"Ad\u0131n\u0131 benimsemeyen ki\u015fili\u011fi ile \u00f6zde\u015fle\u015fmeyen kimsenin, ad\u0131n\u0131 de\u011fi\u015ftirmek istemesi en do\u011fal hakk\u0131d\u0131r. - Yetik Hukuk ve Dan\u0131\u015fmanl\u0131k B\u00fcrosu | Adana Avukat","og_description":"Ad\u0131n de\u011fi\u015ftirilmesinin, ancak hakl\u0131 sebeplere dayan\u0131larak hakimden istenebilece\u011fi, de\u011fi\u015fikli\u011fin n\u00fcfus siciline kay\u0131t ve ilan olunaca\u011f\u0131, ad\u0131n de\u011fi\u015fmekle ki\u015fisel durumda de\u011fi\u015fme olmayaca\u011f\u0131, bu de\u011fi\u015fiklikten zarar g\u00f6renlerin,","og_url":"https:\/\/avhandeyetik.com\/?p=2673","og_site_name":"Yetik Hukuk ve Dan\u0131\u015fmanl\u0131k B\u00fcrosu | Adana Avukat","article_published_time":"2024-06-21T04:48:59+00:00","article_modified_time":"2024-06-21T04:49:00+00:00","author":"avhandeyetik","twitter_card":"summary_large_image","twitter_misc":{"Yazan:":"avhandeyetik","Tahmini okuma s\u00fcresi":"3 dakika"},"schema":{"@context":"https:\/\/schema.org","@graph":[{"@type":"WebPage","@id":"https:\/\/avhandeyetik.com\/?p=2673","url":"https:\/\/avhandeyetik.com\/?p=2673","name":"Ad\u0131n\u0131 benimsemeyen ki\u015fili\u011fi ile \u00f6zde\u015fle\u015fmeyen kimsenin, ad\u0131n\u0131 de\u011fi\u015ftirmek istemesi en do\u011fal hakk\u0131d\u0131r. - Yetik Hukuk ve Dan\u0131\u015fmanl\u0131k B\u00fcrosu | Adana Avukat","isPartOf":{"@id":"https:\/\/avhandeyetik.com\/#website"},"datePublished":"2024-06-21T04:48:59+00:00","dateModified":"2024-06-21T04:49:00+00:00","author":{"@id":"https:\/\/avhandeyetik.com\/#\/schema\/person\/9e3c57c152a17cd9f288a2ea6dad6265"},"description":"Ad\u0131n de\u011fi\u015ftirilmesinin, ancak hakl\u0131 sebeplere dayan\u0131larak hakimden istenebilece\u011fi, de\u011fi\u015fikli\u011fin n\u00fcfus siciline kay\u0131t ve ilan olunaca\u011f\u0131, ad\u0131n de\u011fi\u015fmekle ki\u015fisel durumda de\u011fi\u015fme olmayaca\u011f\u0131, bu de\u011fi\u015fiklikten zarar g\u00f6renlerin,","breadcrumb":{"@id":"https:\/\/avhandeyetik.com\/?p=2673#breadcrumb"},"inLanguage":"tr","potentialAction":[{"@type":"ReadAction","target":["https:\/\/avhandeyetik.com\/?p=2673"]}]},{"@type":"BreadcrumbList","@id":"https:\/\/avhandeyetik.com\/?p=2673#breadcrumb","itemListElement":[{"@type":"ListItem","position":1,"name":"Anasayfa","item":"https:\/\/avhandeyetik.com\/"},{"@type":"ListItem","position":2,"name":"Ad\u0131n\u0131 benimsemeyen ki\u015fili\u011fi ile \u00f6zde\u015fle\u015fmeyen kimsenin, ad\u0131n\u0131 de\u011fi\u015ftirmek istemesi en do\u011fal hakk\u0131d\u0131r."}]},{"@type":"WebSite","@id":"https:\/\/avhandeyetik.com\/#website","url":"https:\/\/avhandeyetik.com\/","name":"Yetik Hukuk ve Dan\u0131\u015fmanl\u0131k B\u00fcrosu | Adana Avukat","description":"ADANA \u0130DARE HUKUKU, ADANA S\u0130GORTA HUKUKU, ADANA \u0130CRA VE \u0130FLAS HUKUKU, ADANA CEZA HUKUKU, ADANA \u0130\u015e VE SOSYAL G\u00dcVENL\u0130K HUKUKU, ADANA A\u0130LE , VELAYET VE BO\u015eANMA HUKUKU, ADANA M\u0130RAS HUKUKU, ADANA T\u00dcKET\u0130C\u0130 HUKUKU, ADANA VERG\u0130 HUKUKU, ADANA S\u00d6ZLE\u015eMELER VE BOR\u00c7LAR HUKUKU, ADANA TRAF\u0130K KAZALARINDA MADD\u0130 MANEV\u0130 TAZM\u0130NAT, ADANA ARSA PAYI KAR\u015eILI\u011eI \u0130N\u015eAAT S\u00d6ZLE\u015eMELER\u0130 VE DAVALARI, ADANA SA\u011eLIK HUKUKU, ADANA KVKK HUKUKU, ADANA GAYR\u0130MENKUL HUKUKU, ADANA T\u0130CARET HUKUKU,HUKUKU,","potentialAction":[{"@type":"SearchAction","target":{"@type":"EntryPoint","urlTemplate":"https:\/\/avhandeyetik.com\/?s={search_term_string}"},"query-input":{"@type":"PropertyValueSpecification","valueRequired":true,"valueName":"search_term_string"}}],"inLanguage":"tr"},{"@type":"Person","@id":"https:\/\/avhandeyetik.com\/#\/schema\/person\/9e3c57c152a17cd9f288a2ea6dad6265","name":"avhandeyetik","image":{"@type":"ImageObject","inLanguage":"tr","@id":"https:\/\/avhandeyetik.com\/#\/schema\/person\/image\/","url":"https:\/\/secure.gravatar.com\/avatar\/c0e657c532a5802c3269d77f731c5437ad04e4a76d884305de0d63eade5aca06?s=96&d=mm&r=g","contentUrl":"https:\/\/secure.gravatar.com\/avatar\/c0e657c532a5802c3269d77f731c5437ad04e4a76d884305de0d63eade5aca06?s=96&d=mm&r=g","caption":"avhandeyetik"},"sameAs":["https:\/\/avhandeyetik.com"],"url":"https:\/\/avhandeyetik.com\/?author=1"}]}},"_links":{"self":[{"href":"https:\/\/avhandeyetik.com\/index.php?rest_route=\/wp\/v2\/posts\/2673","targetHints":{"allow":["GET"]}}],"collection":[{"href":"https:\/\/avhandeyetik.com\/index.php?rest_route=\/wp\/v2\/posts"}],"about":[{"href":"https:\/\/avhandeyetik.com\/index.php?rest_route=\/wp\/v2\/types\/post"}],"author":[{"embeddable":true,"href":"https:\/\/avhandeyetik.com\/index.php?rest_route=\/wp\/v2\/users\/1"}],"replies":[{"embeddable":true,"href":"https:\/\/avhandeyetik.com\/index.php?rest_route=%2Fwp%2Fv2%2Fcomments&post=2673"}],"version-history":[{"count":1,"href":"https:\/\/avhandeyetik.com\/index.php?rest_route=\/wp\/v2\/posts\/2673\/revisions"}],"predecessor-version":[{"id":2674,"href":"https:\/\/avhandeyetik.com\/index.php?rest_route=\/wp\/v2\/posts\/2673\/revisions\/2674"}],"wp:attachment":[{"href":"https:\/\/avhandeyetik.com\/index.php?rest_route=%2Fwp%2Fv2%2Fmedia&parent=2673"}],"wp:term":[{"taxonomy":"category","embeddable":true,"href":"https:\/\/avhandeyetik.com\/index.php?rest_route=%2Fwp%2Fv2%2Fcategories&post=2673"},{"taxonomy":"post_tag","embeddable":true,"href":"https:\/\/avhandeyetik.com\/index.php?rest_route=%2Fwp%2Fv2%2Ftags&post=2673"}],"curies":[{"name":"wp","href":"https:\/\/api.w.org\/{rel}","templated":true}]}}